{"id":284,"date":"2025-11-25T15:03:48","date_gmt":"2025-11-25T14:03:48","guid":{"rendered":"http:\/\/sophiedeangelis.fr\/?p=284"},"modified":"2025-11-25T15:03:49","modified_gmt":"2025-11-25T14:03:49","slug":"association-mouvements-delles","status":"publish","type":"post","link":"http:\/\/sophiedeangelis.fr\/?p=284","title":{"rendered":"Association Mouvements d&rsquo;Elles"},"content":{"rendered":"\n<p>Je suis membre de l&rsquo;association Mouvement d&rsquo;Elles qui est un collectif de praticien.ne.s concern\u00e9.e.s par la cause des femmes dans le monde et plus sp\u00e9cifiquement les femmes victimes de violences physiques et psychiques.<\/p>\n\n\n\n<figure class=\"wp-block-image size-large is-resized\"><img loading=\"lazy\" decoding=\"async\" width=\"1011\" height=\"1024\" src=\"http:\/\/sophiedeangelis.fr\/wp-content\/uploads\/2025\/11\/logo-180x180-blanctexte-1011x1024.jpg\" alt=\"\" class=\"wp-image-285\" style=\"width:421px;height:auto\" srcset=\"http:\/\/sophiedeangelis.fr\/wp-content\/uploads\/2025\/11\/logo-180x180-blanctexte-1011x1024.jpg 1011w, http:\/\/sophiedeangelis.fr\/wp-content\/uploads\/2025\/11\/logo-180x180-blanctexte-296x300.jpg 296w, http:\/\/sophiedeangelis.fr\/wp-content\/uploads\/2025\/11\/logo-180x180-blanctexte-768x778.jpg 768w, http:\/\/sophiedeangelis.fr\/wp-content\/uploads\/2025\/11\/logo-180x180-blanctexte-65x65.jpg 65w, http:\/\/sophiedeangelis.fr\/wp-content\/uploads\/2025\/11\/logo-180x180-blanctexte.jpg 1352w\" sizes=\"auto, (max-width: 1011px) 100vw, 1011px\" \/><figcaption class=\"wp-element-caption\">Screenshot<\/figcaption><\/figure>\n\n\n\n<p>Avec ma coll\u00e8gue, Christine Michalag, nous proposons d&rsquo;intervenir dans diff\u00e9rentes structures pour animer des ateliers, cercles de paroles, rencontres, etc, \u00e0 partir de nos outils sp\u00e9cifiques de la fasciath\u00e9rapie MDB, qui ont fait leurs preuves dans l&rsquo;accompagnement des femmes victimes de violences.<\/p>\n\n\n\n<p>Pour en savoir plus sur l&rsquo;association : <a href=\"https:\/\/mouvementdelles.com\/\">https:\/\/mouvementdelles.com\/<\/a><\/p>\n\n\n\n<p><\/p>\n","protected":false},"excerpt":{"rendered":"<p>Je suis membre de l&rsquo;association Mouvement d&rsquo;Elles qui est un collectif de praticien.ne.s concern\u00e9.e.s par la cause des femmes dans le monde et plus sp\u00e9cifiquement les femmes victimes de violences physiques et psychiques. Avec ma coll\u00e8gue, Christine Michalag, nous proposons d&rsquo;intervenir dans diff\u00e9rentes structures pour animer des ateliers, cercles de paroles, rencontres, etc, \u00e0 partir &hellip; <\/p>\n","protected":false},"author":1,"featured_media":0,"comment_status":"closed","ping_status":"open","sticky":false,"template":"","format":"standard","meta":{"footnotes":""},"categories":[1],"tags":[],"class_list":["post-284","post","type-post","status-publish","format-standard","hentry","category-non-classe"],"_links":{"self":[{"href":"http:\/\/sophiedeangelis.fr\/index.php?rest_route=\/wp\/v2\/posts\/284","targetHints":{"allow":["GET"]}}],"collection":[{"href":"http:\/\/sophiedeangelis.fr\/index.php?rest_route=\/wp\/v2\/posts"}],"about":[{"href":"http:\/\/sophiedeangelis.fr\/index.php?rest_route=\/wp\/v2\/types\/post"}],"author":[{"embeddable":true,"href":"http:\/\/sophiedeangelis.fr\/index.php?rest_route=\/wp\/v2\/users\/1"}],"replies":[{"embeddable":true,"href":"http:\/\/sophiedeangelis.fr\/index.php?rest_route=%2Fwp%2Fv2%2Fcomments&post=284"}],"version-history":[{"count":1,"href":"http:\/\/sophiedeangelis.fr\/index.php?rest_route=\/wp\/v2\/posts\/284\/revisions"}],"predecessor-version":[{"id":286,"href":"http:\/\/sophiedeangelis.fr\/index.php?rest_route=\/wp\/v2\/posts\/284\/revisions\/286"}],"wp:attachment":[{"href":"http:\/\/sophiedeangelis.fr\/index.php?rest_route=%2Fwp%2Fv2%2Fmedia&parent=284"}],"wp:term":[{"taxonomy":"category","embeddable":true,"href":"http:\/\/sophiedeangelis.fr\/index.php?rest_route=%2Fwp%2Fv2%2Fcategories&post=284"},{"taxonomy":"post_tag","embeddable":true,"href":"http:\/\/sophiedeangelis.fr\/index.php?rest_route=%2Fwp%2Fv2%2Ftags&post=284"}],"curies":[{"name":"wp","href":"https:\/\/api.w.org\/{rel}","templated":true}]}}